{"id":1283,"date":"2025-07-16T12:46:48","date_gmt":"2025-07-16T18:46:48","guid":{"rendered":"https:\/\/variasvadias.wordpress.com\/?p=1283"},"modified":"2025-07-16T12:46:48","modified_gmt":"2025-07-16T18:46:48","slug":"k-is-the-%e2%9d%83-of-life","status":"publish","type":"post","link":"https:\/\/variasvadias.com\/?p=1283","title":{"rendered":"KeiCee is the \u2743 of life"},"content":{"rendered":"\n<p class=\"wp-block-paragraph\"><\/p>\n\n\n\n<p class=\"wp-block-paragraph\">estas duas conheceram-se h\u00e1 dias <br \/>mas j\u00e1 s\u00e3o unha com carne <br \/>soa o segredo que n\u00e3o se comparte<br \/><br \/>cee, atentas a cor, <br \/>linha, profundidade<br \/>captas as diferentes sombras sem piedade.<br \/><br \/>mir\u00e1r traz-te esse bruto fulgor, <br \/>(como se fosse um orgasmo em flor)<br \/>de ver vertigem na emana\u00e7\u00e3o<br \/>dessa cor que vem numa convuls\u00e3o<br \/><br \/>kei, \u00e9 a outra, e sussura a perda<br \/>p\u00e9rfida, sem se magoar,<br \/>desliza pelas \u00e1guas do submundo<br \/>sob o sorriso de Hades, a emanar.<br \/><br \/>v\u00ea o mundo a sucumbir<br \/>e consigo cochichou <br \/>(&#8220;ser\u00e1 que vale a pena existir?&#8221;)<br \/>e, mesmo assim, em si nada, mudou<br \/><br \/>Quem manda \u00e9 o povo<\/p>\n\n\n\n<p class=\"wp-block-paragraph\">The LIDERES OF THE WORLD AlRE we<\/p>\n\n\n\n<p class=\"wp-block-paragraph\">If the LIDERES want to fire the weapon let them pull the shitch<\/p>\n\n\n\n<p class=\"wp-block-paragraph\">All of us have problems<\/p>\n\n\n\n<p class=\"wp-block-paragraph\">Fuck&#8230;.off<br><br>si, cee, encontras na solid\u00e3o<br>a <mark style=\"background-color:rgba(0, 0, 0, 0);color:#cf2e2e\" class=\"has-inline-color has-vivid-red-color\">desejada tes\u00e3o<\/mark><br><mark style=\"background-color:rgba(0, 0, 0, 0);color:#cf2e2e\" class=\"has-inline-color has-vivid-red-color\">que \u00e9 emudecer, <\/mark><br><mark style=\"background-color:rgba(0, 0, 0, 0);color:#cf2e2e\" class=\"has-inline-color has-vivid-red-color\">mas nunca, nunca, esquecer<\/mark><br><br><mark style=\"background-color:rgba(0, 0, 0, 0);color:#cf2e2e\" class=\"has-inline-color has-vivid-red-color\">elas aparecem como fadas<\/mark><br><mark style=\"background-color:rgba(0, 0, 0, 0);color:#cf2e2e\" class=\"has-inline-color has-vivid-red-color\">uma seguindo a outra na lat\u00eancia<\/mark><br><mark style=\"background-color:rgba(0, 0, 0, 0);color:#cf2e2e\" class=\"has-inline-color has-vivid-red-color\">rodam de m\u00e3os enredadas<\/mark><br><mark style=\"background-color:rgba(0, 0, 0, 0);color:#cf2e2e\" class=\"has-inline-color has-vivid-red-color\">e misturam-se nesta luta da sobreviv\u00eancia<\/mark><br><br><mark style=\"background-color:rgba(0, 0, 0, 0);color:#cf2e2e\" class=\"has-inline-color has-vivid-red-color\">A Flor da Vida \u00e9 um padr\u00e3o geom\u00e9trico<\/mark> sagrado composto por m\u00faltiplos c\u00edrculos sobrepostos e interconetados, formando um padr\u00e3o floral.<\/p>\n\n\n\n<p class=\"wp-block-paragraph\">elas formam a cria\u00e7\u00e3o<br \/>e nutrem todas as formas imagin\u00e1veis<br \/>de vida, que \u00e9 dorm\u00eancia e movimento<br \/>que contrai e expande<br \/><br \/><\/p>\n\n\n\n<p class=\"wp-block-paragraph\"><\/p>\n\n\n\n<p class=\"wp-block-paragraph\"><\/p>\n","protected":false},"excerpt":{"rendered":"<p>estas duas conheceram-se h\u00e1 dias mas j\u00e1 s\u00e3o unha com carne soa o segredo que n\u00e3o se comparte cee, atentas a cor, linha, profundidadecaptas as diferentes sombras sem piedade. mir\u00e1r traz-te esse bruto fulgor, (como se fosse um orgasmo em flor)de ver vertigem na emana\u00e7\u00e3odessa cor que vem numa convuls\u00e3o kei, \u00e9 a outra, e [&hellip;]<\/p>\n","protected":false},"author":1,"featured_media":0,"comment_status":"closed","ping_status":"open","sticky":false,"template":"","format":"standard","meta":{"pagelayer_contact_templates":[],"_pagelayer_content":"","footnotes":""},"categories":[27],"tags":[41,64,111],"class_list":["post-1283","post","type-post","status-publish","format-standard","hentry","category-putas-ou-vadias","tag-cee-icu-neveralone-myvoices","tag-chao","tag-imagens-putas"],"_links":{"self":[{"href":"https:\/\/variasvadias.com\/index.php?rest_route=\/wp\/v2\/posts\/1283","targetHints":{"allow":["GET"]}}],"collection":[{"href":"https:\/\/variasvadias.com\/index.php?rest_route=\/wp\/v2\/posts"}],"about":[{"href":"https:\/\/variasvadias.com\/index.php?rest_route=\/wp\/v2\/types\/post"}],"author":[{"embeddable":true,"href":"https:\/\/variasvadias.com\/index.php?rest_route=\/wp\/v2\/users\/1"}],"replies":[{"embeddable":true,"href":"https:\/\/variasvadias.com\/index.php?rest_route=%2Fwp%2Fv2%2Fcomments&post=1283"}],"version-history":[{"count":0,"href":"https:\/\/variasvadias.com\/index.php?rest_route=\/wp\/v2\/posts\/1283\/revisions"}],"wp:attachment":[{"href":"https:\/\/variasvadias.com\/index.php?rest_route=%2Fwp%2Fv2%2Fmedia&parent=1283"}],"wp:term":[{"taxonomy":"category","embeddable":true,"href":"https:\/\/variasvadias.com\/index.php?rest_route=%2Fwp%2Fv2%2Fcategories&post=1283"},{"taxonomy":"post_tag","embeddable":true,"href":"https:\/\/variasvadias.com\/index.php?rest_route=%2Fwp%2Fv2%2Ftags&post=1283"}],"curies":[{"name":"wp","href":"https:\/\/api.w.org\/{rel}","templated":true}]}}