{"id":2449,"date":"2025-10-30T14:19:40","date_gmt":"2025-10-30T20:19:40","guid":{"rendered":"https:\/\/variasvadias.com\/?p=2449"},"modified":"2025-10-30T14:19:40","modified_gmt":"2025-10-30T20:19:40","slug":"vadia-livre","status":"publish","type":"post","link":"https:\/\/variasvadias.com\/?p=2449","title":{"rendered":"vadia livre"},"content":{"rendered":"\n<p class=\"wp-block-paragraph\"><\/p>\n\n\n\n<p class=\"wp-block-paragraph\">Tentam me prender no que acham certo,<br>Mas eu quero o mundo, quero o deserto.<br>Me chamam de louco, de m\u00e1 inten\u00e7\u00e3o,<br>Mas \u00e9 s\u00f3 medo da minha paix\u00e3o.<br>Sou espelho do que n\u00e3o querem ver,<br>Sou desejo que n\u00e3o d\u00e1 pra esconder.<br>Me julgam porque eu n\u00e3o me dobro,<br>Mas ser livre \u00e9 o meu maior tesouro.<br>Sou vadia, sou livre, sou minha raz\u00e3o,<br>Estou rompendo as grades da repress\u00e3o.<br>Ningu\u00e9m me cala, nem tu, nem patr\u00e3o,<br>Sou corpo, sou alma, sou revolu\u00e7\u00e3o.<br>Falam do meu jeito, da minha cor,<br>Mas nunca entendem o meu valor.<br>Cada passo meu \u00e9 um grito no ch\u00e3o,<br>De quem cansou de pedir permiss\u00e3o.<br>Se ser vadia \u00e9 ser quem eu sou,<br>Ent\u00e3o que o mundo me veja, me amou.<br>N\u00e3o sou tua santa, nem tua li\u00e7\u00e3o,<br>Sou fogo, sou f\u00faria, sou contradi\u00e7\u00e3o.<br>Sou vadia, sou livre, sou minha raz\u00e3o,<br>Estou rompendo as grades da repress\u00e3o.<br>Ningu\u00e9m me cala, nem tu, nem patr\u00e3o,<br>Sou corpo, sou alma, sou revolu\u00e7\u00e3o.<\/p>\n\n\n\n<p class=\"wp-block-paragraph\">#vadiaP has arrived &lt;3<\/p>\n\n\n\n<figure class=\"wp-block-image size-large\"><img decoding=\"async\" src=\"https:\/\/variasvadias.wordpress.com\/wp-content\/uploads\/2025\/10\/photo-2025-10-30-22-12-49.jpg?w=768\" alt=\"\" class=\"wp-image-2454\" \/><\/figure>\n","protected":false},"excerpt":{"rendered":"<p>Tentam me prender no que acham certo,Mas eu quero o mundo, quero o deserto.Me chamam de louco, de m\u00e1 inten\u00e7\u00e3o,Mas \u00e9 s\u00f3 medo da minha paix\u00e3o.Sou espelho do que n\u00e3o querem ver,Sou desejo que n\u00e3o d\u00e1 pra esconder.Me julgam porque eu n\u00e3o me dobro,Mas ser livre \u00e9 o meu maior tesouro.Sou vadia, sou livre, sou [&hellip;]<\/p>\n","protected":false},"author":1,"featured_media":0,"comment_status":"open","ping_status":"closed","sticky":false,"template":"","format":"standard","meta":{"pagelayer_contact_templates":[],"_pagelayer_content":"","footnotes":""},"categories":[23,25,27],"tags":[],"class_list":["post-2449","post","type-post","status-publish","format-standard","hentry","category-floorchaofloor","category-pacent3","category-putas-ou-vadias"],"_links":{"self":[{"href":"https:\/\/variasvadias.com\/index.php?rest_route=\/wp\/v2\/posts\/2449","targetHints":{"allow":["GET"]}}],"collection":[{"href":"https:\/\/variasvadias.com\/index.php?rest_route=\/wp\/v2\/posts"}],"about":[{"href":"https:\/\/variasvadias.com\/index.php?rest_route=\/wp\/v2\/types\/post"}],"author":[{"embeddable":true,"href":"https:\/\/variasvadias.com\/index.php?rest_route=\/wp\/v2\/users\/1"}],"replies":[{"embeddable":true,"href":"https:\/\/variasvadias.com\/index.php?rest_route=%2Fwp%2Fv2%2Fcomments&post=2449"}],"version-history":[{"count":0,"href":"https:\/\/variasvadias.com\/index.php?rest_route=\/wp\/v2\/posts\/2449\/revisions"}],"wp:attachment":[{"href":"https:\/\/variasvadias.com\/index.php?rest_route=%2Fwp%2Fv2%2Fmedia&parent=2449"}],"wp:term":[{"taxonomy":"category","embeddable":true,"href":"https:\/\/variasvadias.com\/index.php?rest_route=%2Fwp%2Fv2%2Fcategories&post=2449"},{"taxonomy":"post_tag","embeddable":true,"href":"https:\/\/variasvadias.com\/index.php?rest_route=%2Fwp%2Fv2%2Ftags&post=2449"}],"curies":[{"name":"wp","href":"https:\/\/api.w.org\/{rel}","templated":true}]}}